{"id":5634,"date":"2017-01-06T21:48:04","date_gmt":"2017-01-06T20:48:04","guid":{"rendered":"http:\/\/www.velocanauxdodo.fr\/?p=5634"},"modified":"2017-01-06T21:49:22","modified_gmt":"2017-01-06T20:49:22","slug":"fermeture-de-la-ligne-sncf-brest-quimper-pour-travaux","status":"publish","type":"post","link":"http:\/\/www.velocanauxdodo.fr\/?p=5634","title":{"rendered":"Fermeture de la ligne SNCF Brest-Quimper pour travaux"},"content":{"rendered":"<p><a href=\"http:\/\/www.velocanauxdodo.fr\/wp-content\/uploads\/feedelaulne.jpg\"><img loading=\"lazy\" decoding=\"async\" class=\"alignleft size-medium wp-image-5635\" src=\"http:\/\/www.velocanauxdodo.fr\/wp-content\/uploads\/feedelaulne-225x300.jpg\" alt=\"feedelaulne\" width=\"225\" height=\"300\" srcset=\"http:\/\/www.velocanauxdodo.fr\/wp-content\/uploads\/feedelaulne-225x300.jpg 225w, http:\/\/www.velocanauxdodo.fr\/wp-content\/uploads\/feedelaulne-113x150.jpg 113w, http:\/\/www.velocanauxdodo.fr\/wp-content\/uploads\/feedelaulne.jpg 400w\" sizes=\"auto, (max-width: 225px) 100vw, 225px\" \/><br \/>\n<\/a><\/p>\n<p>Si le canal de Nantes \u00e0 Brest porte ce nom c&rsquo;est parce que les chalands, apr\u00e8s Ch\u00e2teaulin quittaient l&rsquo;Aulne et prenaient la mer dans la rade de Brest jusqu&rsquo;\u00e0 cette ville. Aujourd&rsquo;hui, \u00e0 v\u00e9lo, le chemin va de Ch\u00e2teaulin \u00e0 Nort-sur-Erdre.<\/p>\n<p>La ligne de chemin de fer Brest-Quimper est ferm\u00e9e pour travaux depuis le 11 d\u00e9cembre et pour un an. Impossible donc de relier Ch\u00e2teaulin, point de d\u00e9part ou d&rsquo;arriv\u00e9e d&rsquo;une randonn\u00e9e le long du canal, \u00e0 Brest ou Quimper (gares importantes) sans p\u00e9daler sur \u00a0le r\u00e9seau routier. Il y a bien des cars mis en place mais prendront-ils les v\u00e9los???<\/p>\n<p>Alors, pourquoi ne pas faire un petit retour en arri\u00e8re en prenant un bateau, <strong>avec son v\u00e9lo<\/strong>,\u00a0entre Brest et Ch\u00e2teaulin. C&rsquo;est l&rsquo;id\u00e9e qu&rsquo;a eu Tristan Botcazou qui propose avec son association, qui vient d&rsquo;implanter une gare maritime devant la derni\u00e8re \u00e9cluse du canal de Nantes \u00e0 Brest (Guilly Glaz), une rotation journali\u00e8re\u00a0vers Brest sur son bateau class\u00e9 monument historique: \u00ab\u00a0La F\u00e9e de l&rsquo;Aulne\u00a0\u00bb.<\/p>\n<p>Pour le contacter : un mail (<a>feedelaulne@live.fr<\/a>) et un num\u00e9ro de t\u00e9l\u00e9phone 0622835195.<\/p>\n","protected":false},"excerpt":{"rendered":"<\/p>\n<p>Si le canal de Nantes \u00e0 Brest porte ce nom c&rsquo;est parce que les chalands, apr\u00e8s Ch\u00e2teaulin quittaient l&rsquo;Aulne et prenaient la mer dans la rade de Brest jusqu&rsquo;\u00e0 cette ville. Aujourd&rsquo;hui, \u00e0 v\u00e9lo, le chemin va de Ch\u00e2teaulin \u00e0 Nort-sur-Erdre.<\/p>\n<p>La ligne de chemin de fer Brest-Quimper est ferm\u00e9e pour travaux depuis [&#8230;]<\/p>\n","protected":false},"author":1,"featured_media":0,"comment_status":"open","ping_status":"open","sticky":false,"template":"","format":"standard","meta":{"ngg_post_thumbnail":0,"footnotes":""},"categories":[14,1],"tags":[],"class_list":["post-5634","post","type-post","status-publish","format-standard","hentry","category-actions","category-non-classe","odd"],"_links":{"self":[{"href":"http:\/\/www.velocanauxdodo.fr\/index.php?rest_route=\/wp\/v2\/posts\/5634","targetHints":{"allow":["GET"]}}],"collection":[{"href":"http:\/\/www.velocanauxdodo.fr\/index.php?rest_route=\/wp\/v2\/posts"}],"about":[{"href":"http:\/\/www.velocanauxdodo.fr\/index.php?rest_route=\/wp\/v2\/types\/post"}],"author":[{"embeddable":true,"href":"http:\/\/www.velocanauxdodo.fr\/index.php?rest_route=\/wp\/v2\/users\/1"}],"replies":[{"embeddable":true,"href":"http:\/\/www.velocanauxdodo.fr\/index.php?rest_route=%2Fwp%2Fv2%2Fcomments&post=5634"}],"version-history":[{"count":2,"href":"http:\/\/www.velocanauxdodo.fr\/index.php?rest_route=\/wp\/v2\/posts\/5634\/revisions"}],"predecessor-version":[{"id":5637,"href":"http:\/\/www.velocanauxdodo.fr\/index.php?rest_route=\/wp\/v2\/posts\/5634\/revisions\/5637"}],"wp:attachment":[{"href":"http:\/\/www.velocanauxdodo.fr\/index.php?rest_route=%2Fwp%2Fv2%2Fmedia&parent=5634"}],"wp:term":[{"taxonomy":"category","embeddable":true,"href":"http:\/\/www.velocanauxdodo.fr\/index.php?rest_route=%2Fwp%2Fv2%2Fcategories&post=5634"},{"taxonomy":"post_tag","embeddable":true,"href":"http:\/\/www.velocanauxdodo.fr\/index.php?rest_route=%2Fwp%2Fv2%2Ftags&post=5634"}],"curies":[{"name":"wp","href":"https:\/\/api.w.org\/{rel}","templated":true}]}}