{"id":5639,"date":"2017-01-17T16:07:51","date_gmt":"2017-01-17T15:07:51","guid":{"rendered":"http:\/\/www.velocanauxdodo.fr\/?p=5639"},"modified":"2017-01-17T16:07:51","modified_gmt":"2017-01-17T15:07:51","slug":"imaginez-votre-rando-a-velo-en-1889","status":"publish","type":"post","link":"http:\/\/www.velocanauxdodo.fr\/?p=5639","title":{"rendered":"Imaginez votre rando \u00e0 v\u00e9lo en 1889"},"content":{"rendered":"<div id=\"attachment_5640\" style=\"width: 310px\" class=\"wp-caption alignright\"><img loading=\"lazy\" decoding=\"async\" aria-describedby=\"caption-attachment-5640\" width=\"300\" height=\"200\" class=\"wp-image-5640 size-medium\" alt=\"Henri sur son v\u00e9lo en 1895\" src=\"http:\/\/www.velocanauxdodo.fr\/wp-content\/uploads\/henri-P\u00e9gase-300x200.jpg\" srcset=\"http:\/\/www.velocanauxdodo.fr\/wp-content\/uploads\/henri-P\u00e9gase-300x200.jpg 300w, http:\/\/www.velocanauxdodo.fr\/wp-content\/uploads\/henri-P\u00e9gase-150x100.jpg 150w, http:\/\/www.velocanauxdodo.fr\/wp-content\/uploads\/henri-P\u00e9gase-400x267.jpg 400w, http:\/\/www.velocanauxdodo.fr\/wp-content\/uploads\/henri-P\u00e9gase.jpg 900w\" sizes=\"auto, (max-width: 300px) 100vw, 300px\" \/><p id=\"caption-attachment-5640\" class=\"wp-caption-text\">Henri sur son v\u00e9lo<\/p><\/div>\n<p>Henri Andr\u00e9 faisait du v\u00e9lo avec ses copains le dimanche, quand il y avait des jours f\u00e9ri\u00e9s \u00e0 P\u00e2ques et \u00e0 la Pentec\u00f4te et 2 semaines l&rsquo;\u00e9t\u00e9 durant les cong\u00e9s qui n&rsquo;\u00e9taient pas encore pay\u00e9s. C&rsquo;\u00e9tait entre 1889 et 1910.<br \/>\nHenri tenait un journal de ses randonn\u00e9es et Monsieur Sh\u00f4, qui randonne avec moi de temps en temps \u00e0 retrouv\u00e9, il y a quelques ann\u00e9es, les carnets d&rsquo;Henri. Il les a transcrit, j&rsquo;en ai fait une relecture et des corrections, ils ont \u00e9t\u00e9 mis en page et ils sont aujourd&rsquo;hui accessibles sur le site que je viens de mettre en place: \u00ab\u00a0rendez-vous au 37\u00a0\u00bb&nbsp; <a href=\"http:\/\/www.rv37.fr\" target=\"_blank\">www.rv37.fr<\/a>.<\/p>\n<p>Bonne balade dans le pass\u00e9<\/p>\n","protected":false},"excerpt":{"rendered":"<p id=\"caption-attachment-5640\" class=\"wp-caption-text\">Henri sur son v\u00e9lo<\/p>\n<p>Henri Andr\u00e9 faisait du v\u00e9lo avec ses copains le dimanche, quand il y avait des jours f\u00e9ri\u00e9s \u00e0 P\u00e2ques et \u00e0 la Pentec\u00f4te et 2 semaines l&rsquo;\u00e9t\u00e9 durant les cong\u00e9s qui n&rsquo;\u00e9taient pas encore pay\u00e9s. C&rsquo;\u00e9tait entre 1889 et 1910. Henri tenait un journal de ses randonn\u00e9es et Monsieur [&#8230;]<\/p>\n","protected":false},"author":1,"featured_media":0,"comment_status":"open","ping_status":"open","sticky":false,"template":"","format":"standard","meta":{"ngg_post_thumbnail":0,"footnotes":""},"categories":[1],"tags":[],"class_list":["post-5639","post","type-post","status-publish","format-standard","hentry","category-non-classe","odd"],"_links":{"self":[{"href":"http:\/\/www.velocanauxdodo.fr\/index.php?rest_route=\/wp\/v2\/posts\/5639","targetHints":{"allow":["GET"]}}],"collection":[{"href":"http:\/\/www.velocanauxdodo.fr\/index.php?rest_route=\/wp\/v2\/posts"}],"about":[{"href":"http:\/\/www.velocanauxdodo.fr\/index.php?rest_route=\/wp\/v2\/types\/post"}],"author":[{"embeddable":true,"href":"http:\/\/www.velocanauxdodo.fr\/index.php?rest_route=\/wp\/v2\/users\/1"}],"replies":[{"embeddable":true,"href":"http:\/\/www.velocanauxdodo.fr\/index.php?rest_route=%2Fwp%2Fv2%2Fcomments&post=5639"}],"version-history":[{"count":1,"href":"http:\/\/www.velocanauxdodo.fr\/index.php?rest_route=\/wp\/v2\/posts\/5639\/revisions"}],"predecessor-version":[{"id":5641,"href":"http:\/\/www.velocanauxdodo.fr\/index.php?rest_route=\/wp\/v2\/posts\/5639\/revisions\/5641"}],"wp:attachment":[{"href":"http:\/\/www.velocanauxdodo.fr\/index.php?rest_route=%2Fwp%2Fv2%2Fmedia&parent=5639"}],"wp:term":[{"taxonomy":"category","embeddable":true,"href":"http:\/\/www.velocanauxdodo.fr\/index.php?rest_route=%2Fwp%2Fv2%2Fcategories&post=5639"},{"taxonomy":"post_tag","embeddable":true,"href":"http:\/\/www.velocanauxdodo.fr\/index.php?rest_route=%2Fwp%2Fv2%2Ftags&post=5639"}],"curies":[{"name":"wp","href":"https:\/\/api.w.org\/{rel}","templated":true}]}}