{"id":7310,"date":"2021-05-17T09:34:43","date_gmt":"2021-05-17T08:34:43","guid":{"rendered":"http:\/\/www.velocanauxdodo.fr\/?p=7310"},"modified":"2021-05-18T09:47:09","modified_gmt":"2021-05-18T08:47:09","slug":"velocanauxrandodoneurs-toujours","status":"publish","type":"post","link":"http:\/\/www.velocanauxdodo.fr\/?p=7310","title":{"rendered":"V\u00e9locanauxrandodoneurs toujours!"},"content":{"rendered":"<p>Amis des randos \u00e0 v\u00e9lo bonjour.&nbsp;<\/p>\n<p>Comme je d\u00e9cris les randos faites l&rsquo;ann\u00e9e suivant leur r\u00e9alisations et \u00e0 cause de ce foutu virus qui nous a limit\u00e9 dans nos d\u00e9placements, voil\u00e0 pr\u00e8s de 2 ans que je n&rsquo;avais pas touch\u00e9 \u00e0 mon site. C&rsquo;est chose faite maintenant.<\/p>\n<p>&nbsp;<\/p>\n<p>Vous trouverez donc:<\/p>\n<p><img loading=\"lazy\" decoding=\"async\" class=\"alignright size-medium wp-image-7346\" src=\"http:\/\/www.velocanauxdodo.fr\/wp-content\/uploads\/20200810_160013-2-640x427-300x200.jpg\" alt=\"\" width=\"300\" height=\"200\" srcset=\"http:\/\/www.velocanauxdodo.fr\/wp-content\/uploads\/20200810_160013-2-640x427-300x200.jpg 300w, http:\/\/www.velocanauxdodo.fr\/wp-content\/uploads\/20200810_160013-2-640x427-150x100.jpg 150w, http:\/\/www.velocanauxdodo.fr\/wp-content\/uploads\/20200810_160013-2-640x427-400x267.jpg 400w, http:\/\/www.velocanauxdodo.fr\/wp-content\/uploads\/20200810_160013-2-640x427.jpg 640w\" sizes=\"auto, (max-width: 300px) 100vw, 300px\" \/><\/p>\n<ul>\n<li>Une rando en Bretagne de Brest \u00e0 La-Roche-Bernard , version 2019 du parcours d\u00e9crit et r\u00e9alis\u00e9 en juin 1899 par Henri Andr\u00e9 (voir site rv37.fr).<\/li>\n<li>\nLe descriptif de notre p\u00e9riple sur la Flow v\u00e9lo faite en ao\u00fbt 2020<\/li>\n<li>Un beau parcours entre Toulon et St-Raphael sur la V65 r\u00e9alis\u00e9 en septembre 2020.<\/li>\n<li>Une balade \u00e0 l&rsquo;Ile Madame (voir page Flow v\u00e9lo)<\/li>\n<li>2 itin\u00e9raires alternatifs pour la V\u00e9loscenie entre Rambouillet et Paris<\/li>\n<\/ul>\n<p>En projet pour cette ann\u00e9e une boucle de Nancy le long de la Moselle et retour par la Sarre en ao\u00fbt.<\/p>\n<p>En cette avant veille de d\u00e9confinement je vous souhaite plein de belles balades \u00e0 v\u00e9lo en esp\u00e9rant que ce site vous aide \u00e0 les r\u00e9aliser.<\/p>\n<p>Prenez soin de vous.<\/p>\n<p>Yves<\/p>\n","protected":false},"excerpt":{"rendered":"<p>Amis des randos \u00e0 v\u00e9lo bonjour.&nbsp;<\/p>\n<p>Comme je d\u00e9cris les randos faites l&rsquo;ann\u00e9e suivant leur r\u00e9alisations et \u00e0 cause de ce foutu virus qui nous a limit\u00e9 dans nos d\u00e9placements, voil\u00e0 pr\u00e8s de 2 ans que je n&rsquo;avais pas touch\u00e9 \u00e0 mon site. C&rsquo;est chose faite maintenant.<\/p>\n<p>&nbsp;<\/p>\n<p>Vous trouverez donc:<\/p>\n<\/p>\n<p> Une rando en [&#8230;]<\/p>\n","protected":false},"author":3,"featured_media":0,"comment_status":"open","ping_status":"open","sticky":false,"template":"","format":"standard","meta":{"ngg_post_thumbnail":0,"footnotes":""},"categories":[1],"tags":[],"class_list":["post-7310","post","type-post","status-publish","format-standard","hentry","category-non-classe","odd"],"_links":{"self":[{"href":"http:\/\/www.velocanauxdodo.fr\/index.php?rest_route=\/wp\/v2\/posts\/7310","targetHints":{"allow":["GET"]}}],"collection":[{"href":"http:\/\/www.velocanauxdodo.fr\/index.php?rest_route=\/wp\/v2\/posts"}],"about":[{"href":"http:\/\/www.velocanauxdodo.fr\/index.php?rest_route=\/wp\/v2\/types\/post"}],"author":[{"embeddable":true,"href":"http:\/\/www.velocanauxdodo.fr\/index.php?rest_route=\/wp\/v2\/users\/3"}],"replies":[{"embeddable":true,"href":"http:\/\/www.velocanauxdodo.fr\/index.php?rest_route=%2Fwp%2Fv2%2Fcomments&post=7310"}],"version-history":[{"count":7,"href":"http:\/\/www.velocanauxdodo.fr\/index.php?rest_route=\/wp\/v2\/posts\/7310\/revisions"}],"predecessor-version":[{"id":7347,"href":"http:\/\/www.velocanauxdodo.fr\/index.php?rest_route=\/wp\/v2\/posts\/7310\/revisions\/7347"}],"wp:attachment":[{"href":"http:\/\/www.velocanauxdodo.fr\/index.php?rest_route=%2Fwp%2Fv2%2Fmedia&parent=7310"}],"wp:term":[{"taxonomy":"category","embeddable":true,"href":"http:\/\/www.velocanauxdodo.fr\/index.php?rest_route=%2Fwp%2Fv2%2Fcategories&post=7310"},{"taxonomy":"post_tag","embeddable":true,"href":"http:\/\/www.velocanauxdodo.fr\/index.php?rest_route=%2Fwp%2Fv2%2Ftags&post=7310"}],"curies":[{"name":"wp","href":"https:\/\/api.w.org\/{rel}","templated":true}]}}